{"id":24,"date":"2019-08-07T14:04:53","date_gmt":"2019-08-07T14:04:53","guid":{"rendered":"http:\/\/peopleandspomeniks.com\/?p=24"},"modified":"2024-08-05T08:10:14","modified_gmt":"2024-08-05T08:10:14","slug":"thema-01","status":"publish","type":"post","link":"https:\/\/peopleandspomeniks.com\/?p=24","title":{"rendered":"Sarajevo Film Festival             Eine Anleitung zum 25. Jubil\u00e4um"},"content":{"rendered":"\n<p><\/p>\n\n\n\n<p>Das Sarajevo Film Festival ist eins der coolsten Ziele des Sommers auf dem Balkan. Das wichtigste Filmfest der Region wird in diesem Monat zum 25. Mal in der bosnischen Hauptstadt gefeiert. P\u00fcnktlich zum Jubil\u00e4um k\u00f6nnen sich die Kurzfilme seit Neuestem direkt f\u00fcr die Oscars qualifizieren. Damit ist Sarajevo nun in der Gesellschaft von Cannes, Berlin usw. angekommen. Der Schwerpunkt des Sarajevo Film Festivals liegt auf s\u00fcdosteurop\u00e4ischen Filmemachern, die gro\u00dfartige Geschichtenerz\u00e4hler sind. Dazu kommt ein filmverr\u00fccktes Publikum &#8211; und der relaxte, unverstellte Charme von Sarajevo. &nbsp;<\/p>\n\n\n\n<p>Vom 16. bis 23. August pr\u00e4sentiert das Festival \u00fcber\n200 Filme aus mehr als 50 L\u00e4ndern. 53 Feature Filme, Dokus, Kurzfilme und\nStudentenfilme gehen ins Rennen um das \u201eHerz von Sarajevo\u201c.<\/p>\n\n\n\n<p>Was genau macht das Film Festival in\nBosnien-Herzegowina so einzigartig? Wie finden Sie sich dort zurecht und wo\ngibt\u2019s Tickets? <\/p>\n\n\n\n<p><strong>Gro\u00dfes Interesse\nam Kino in Bosnien-Herzegowina<\/strong><\/p>\n\n\n\n<p>Junge und alte Menschen pilgern zum Festival, um Art\nHouse und Indie-Filme anzuschauen. Studenten aus aller Welt genauso wie Leute aus\nden umliegenden St\u00e4dten und D\u00f6rfern &#8211; und die Bewohner von Sarajevo nat\u00fcrlich.\nDas Interesse wird von Jahr zu Jahr gr\u00f6\u00dfer, mehr als 100.000 zahlende G\u00e4ste\nkommen. F\u00fcr die meisten Menschen in Sarajevo bedeuten die sieben Festivaltage\nim August einen Riesenspa\u00df. Der Vermieter des Apartments hat sich komplett frei\ngenommen und mailt im Vorfeld, dass er leider ein schlechter G\u00e4stekontakt sein\nwird, weil er von morgens bis abends im Kino sitzen wird. Die Angestellte im\nKonzum-Supermarkt macht fr\u00fcher Feierabend, weil sie sich mit ihrem Freund zu\neinem kosovarischen Drama verabredet hat. Kino ist also doch nicht tot \u2013\nzumindest nicht in Bosnien-Herzegowina.<\/p>\n\n\n\n<p>Das Filmfest in Sarajevo ist ein Publikumsfestival. So\nsind die Tickets f\u00fcr alle vor Ort am Box Office und online erh\u00e4ltlich. Die\nFilmstars sitzen beim Bier am Nebentisch und machen sich nichts draus. Die\nMenschen in den ex-jugoslawischen L\u00e4ndern sind \u00fcbrigens\nkeine kreischenden Fans wie wir. Vielleicht wird das Festival deshalb gern als \u201efamili\u00e4r\u201c\nbeschrieben. Bei allem Respekt f\u00fcr gute schauspielerische, musikalische oder\nirgendeine andere Leistung: Auf dem Balkan gilt\nein entspannt-stolzes Du-bist-trotzdem-nichts-Besseres-als-ich. Am Roten Teppich\nversammelt man sich folglich eher fr\u00f6hlich als ekstatisch. Mit einer Ausnahme:\nWer dem Filmfestival au\u00dfergew\u00f6hnliche Dienste bereitet oder die Stadt sogar w\u00e4hrend\ndes Krieges besucht hat, wird mit Dankbarkeit \u00fcbersch\u00fcttet. Wie bei Angelina\nJolie im Jahr 2007. F\u00fcr solche F\u00e4lle wird das Honorary Heart of Sarajevo\nserviert. Jolie wurde gleichzeitig auch noch zur Ehrenb\u00fcrgerin ernannt. <\/p>\n\n\n\n<figure class=\"wp-block-image\"><img loading=\"lazy\" decoding=\"async\" width=\"1024\" height=\"768\" src=\"http:\/\/peopleandspomeniks.com\/wp-content\/uploads\/2019\/07\/IMG_3967-1024x768.jpg\" alt=\"\" class=\"wp-image-52\" srcset=\"https:\/\/peopleandspomeniks.com\/wp-content\/uploads\/2019\/07\/IMG_3967-1024x768.jpg 1024w, https:\/\/peopleandspomeniks.com\/wp-content\/uploads\/2019\/07\/IMG_3967-300x225.jpg 300w, https:\/\/peopleandspomeniks.com\/wp-content\/uploads\/2019\/07\/IMG_3967-768x576.jpg 768w\" sizes=\"(max-width: 1024px) 100vw, 1024px\" \/><\/figure>\n\n\n\n<p>Neben\naktuellen internationalen Produktionen hat man vor allem die Chance gro\u00dfartige\nWerke zu sehen, die niemals in unsere Kinos kommen oder online bereitstehen\nwerden. Juwelen aus Rum\u00e4nien, T\u00fcrkei, Serbien oder Albanien und der restlichen\nWelt zwischen Mittelmeer und Schwarzem Meer. Allein in der\nKategorie \u201eBH Film\u201c, einem Programm von Filmemachern aus Bosnien-Herzegowina,\nsind dieses Jahr 69 Produktionen vertreten, darunter 41 Weltpremieren. Die Sektion\nFeature Filme startet mit der bosnischen Weltpremiere \u201eThe Son\u201c. Ines Tanovic\nportr\u00e4tiert zwei Jugendliche im heutigen Sarajevo mit all ihren Konflikten. <\/p>\n\n\n\n<p>Das Festival lebt nat\u00fcrlich auch von den eigenen Stars\nund Lieblingen. Die lassen sich kein Festival entgehen. Die Regisseure Danis\nTanovi\u0107 (\u201eNo Man\u2019s Land\u201c), Aida Begi\u0107 (\u201eChildren of\nSarajevo\u201c) oder Jasmila Zbani\u0107 (\u201eGrbavica\u201c, \u201eNa putu\u201c, \u201eLove Island\u201c u.a.) sind\nKinder des Film Festivals und haben hier ihre internationalen Karrieren\nbegonnen. Auch Leon Lu\u0107ev, verehrter Schauspieler des ex-jugoslawischen\nKinos, ist mit dem Filmfest eng verbunden. Als Jurymitglied sowie als\ndutzendfacher Schauspieler in hier pr\u00e4mierten Filmen (\u201eMen don\u2019t cry\u201c, \u201eThe Miner\u201c, \u201eThe Load\u201c). Dieses\nMal pr\u00e4sentiert er seinen ersten Kurzfilm.<strong>\n<\/strong>KomponistGoran\nBregovi\u0107 ist dabei mit seiner ersten Dokumentation \u201cA Small Documentary about 3\nLetters\u201d: Die Entstehung eines Konzerts als Metapher f\u00fcr das Zusammenleben der\nverschiedenen Religionen. Passt. Aus der Literaturwelt kommt der\nbosnisch-amerikanische Autor Aleksandar Hemon (\u201cLazarus\u201d, \u201cZombie Wars\u201d), um die\nPressekonferenzen zu leiten.<\/p>\n\n\n\n<p>F\u00fcr die Balkanl\u00e4nder hat das Filmfest eine gro\u00dfe\npolitische Bedeutung. Viele Filme besch\u00e4ftigen sich mit der Wirklichkeit der\nMenschen aus der Region und erz\u00e4hlen von Erfahrungen aus unterschiedlichen\nPerspektiven. Der Dialog, der durch diese Geschichten angeregt wird, ist\nunbezahlbar. Filmleute und Interessierte von Ljubljana bis Tirana und von\nTiflis bis Skopje kommen zusammen und haben die Chance, soziale und kulturelle Grenzen\naufzubrechen. So n\u00e4hert man sich in Sarajevo beim Film Festival dem wohl\nedelsten Ziel des Kinos an. Das Schweigen zu brechen und Empathie zu f\u00f6rdern.&nbsp; <\/p>\n\n\n\n<p>Und dann ist da noch Sarajevo selbst. Diese sch\u00f6ne, herzliche und oft falsch verstandene Stadt. Aber falsch Verstandene sind nun mal wahnsinnig sympathisch. Es scheint, als ob sich die Dichte an Caf\u00e9s, schattigen Innenh\u00f6fen und Bars w\u00e4hrend des Festivals verdreifacht h\u00e4tte. Jeder bem\u00fcht sich teilzuhaben, etwas beizutragen zu diesem besonderen Ereignis. Gegen\u00fcber des J\u00fcdischen Museums verkauft eine Frau sch\u00fcsselweise frisch gegrillte Sardinen f\u00fcr einen Euro aus ihrem K\u00fcchenfenster. An einer stark befahrenen Stra\u00dfe stellt ein alter Mann einen Plastikstuhl vors Haus und l\u00e4dt mit ausladender Geste zur Rast ein. \u00dcberall werden die G\u00e4ste in Gespr\u00e4che einbezogen und zum ber\u00fchmten bosnischen Mokka oder Rakija eingeladen. Die sind nat\u00fcrlich \u00fcberrascht, denn man hatte sich unter Sarajevo ja etwas ganz anderes vorgestellt. Aus f\u00fcr Sarajevo-Fans unerkl\u00e4rlichen Gr\u00fcnden existiert da eine Hemmschwelle. Selbst Schuld, denkt sich der Sarajevo-Freund insgeheim, und freut sich seine Lieblingsstadt nicht mit den gemeinen Touristen teilen zu m\u00fcssen. <\/p>\n\n\n\n<figure class=\"wp-block-image\"><img loading=\"lazy\" decoding=\"async\" width=\"564\" height=\"824\" src=\"http:\/\/peopleandspomeniks.com\/wp-content\/uploads\/2019\/07\/65369426_10157346851357232_9215807414035546112_n.jpg\" alt=\"\" class=\"wp-image-54\" srcset=\"https:\/\/peopleandspomeniks.com\/wp-content\/uploads\/2019\/07\/65369426_10157346851357232_9215807414035546112_n.jpg 564w, https:\/\/peopleandspomeniks.com\/wp-content\/uploads\/2019\/07\/65369426_10157346851357232_9215807414035546112_n-205x300.jpg 205w\" sizes=\"(max-width: 564px) 100vw, 564px\" \/><\/figure>\n\n\n\n<p><strong>Die\nGeschichte des Festivals<\/strong><\/p>\n\n\n\n<p>Als Sarajevo in den Jahren 1992 bis 1995 belagert war,\nzerbrachen sich einige Leute einer K\u00fcnstlerinitiative den Kopf: Wie k\u00f6nnte man\nin diesen schlimmen Zeiten ein wenig Kultur, ein wenig vom kosmopolitischen\nGeist wieder zur\u00fcck in die Stadt holen? Die Antwort war: Kino, egal wie. <\/p>\n\n\n\n<p>Sie richteten zun\u00e4chst einen kleinen Raum in der Uni\nein. Minib\u00fchne, VHS-Player und Projektor, ein paar St\u00fchle. Die Filme kamen von\nKriegsreportern, die Tapes mit in die Stadt brachten. Der Preis f\u00fcr ein Ticket\nf\u00fcr eine Vorstellung: sieben Zigaretten. Die Besucher rannten unter Sniper-Beschuss\nzum Kino, Bombeneinschl\u00e4ge unterbrachen regelm\u00e4\u00dfig die Vorstellungen. <\/p>\n\n\n\n<p>Als der Direktor des Filmfestivals von Locarno davon\nh\u00f6rte und die bosnische Hauptstadt 1995 besuchte, stellte er die Locarno-Filme\nim Anschluss in Sarajevo zur Verf\u00fcgung. Dann machte auch Edinburgh mit. Das\n\u201cFirst Summer Film Festival Sarajevo 1995\u201d startete mit Filmen auf VHS aus 15\nL\u00e4ndern im Atrium des Kulturzentrums. Trotz anhaltender Belagerung kamen \u00fcber\n15.000 Besucher. Der Umzug ins heutige Open Air Kino war f\u00fcr die Menschen in\nSarajevo, die fast vier Jahre lang keine \u00f6ffentlichen Pl\u00e4tze besuchen konnten,\neine Befreiung. Und einer der Gr\u00fcnder von damals, Mirsad Purivatra, ist heute\nder Direktor des Sarajevo Film Festivals.<\/p>\n\n\n\n<figure class=\"wp-block-image\"><img loading=\"lazy\" decoding=\"async\" width=\"1024\" height=\"683\" src=\"http:\/\/peopleandspomeniks.com\/wp-content\/uploads\/2019\/07\/Sarajevo-Film-Festival-2-C-Obala-Art-Centar-1024x683.jpg\" alt=\"\" class=\"wp-image-63\" srcset=\"https:\/\/peopleandspomeniks.com\/wp-content\/uploads\/2019\/07\/Sarajevo-Film-Festival-2-C-Obala-Art-Centar-1024x683.jpg 1024w, https:\/\/peopleandspomeniks.com\/wp-content\/uploads\/2019\/07\/Sarajevo-Film-Festival-2-C-Obala-Art-Centar-300x200.jpg 300w, https:\/\/peopleandspomeniks.com\/wp-content\/uploads\/2019\/07\/Sarajevo-Film-Festival-2-C-Obala-Art-Centar-768x512.jpg 768w, https:\/\/peopleandspomeniks.com\/wp-content\/uploads\/2019\/07\/Sarajevo-Film-Festival-2-C-Obala-Art-Centar.jpg 2048w\" sizes=\"(max-width: 1024px) 100vw, 1024px\" \/><\/figure>\n\n\n\n<p><strong>Die sch\u00f6nsten\nKinos<\/strong><\/p>\n\n\n\n<p>Von den dreizehn Kinos und Vorstellungsorten ist das Nationaltheater\nder repr\u00e4sentative Mittelpunkt des Festivals. Hier werden unter anderem die\nWettbewerbsfilme gezeigt. \u00dcber den Roten Teppich gelangt der Kinog\u00e4nger in das\n1921 errichtete Geb\u00e4ude aus der \u00d6sterreichisch-Ungarischen Zeit. Zum Jubil\u00e4um hat\nsich der Rote Teppich in einen rot gemusterten bosnischen Kelim verwandelt. Auch\nder landl\u00e4ufige Ticketk\u00e4ufer ist im Nationaltheater willkommen. In den Bars und\nCaf\u00e9s rund um das Theater und den anliegenden Festival Square l\u00e4sst es sich bis\nsp\u00e4t in die Nacht gut rumh\u00e4ngen. Zur Primetime marschieren die Filmcrews ein, bequem vom Barhocker zu beobachten. <\/p>\n\n\n\n<p>Adresse: Obala Kulina bana 9<\/p>\n\n\n\n<p>Nur\nein paar Schritte entfernt liegt das eigentliche Herz des Festivals. Das \u201eOpen\nAir Cinema\u201c mit Riesenleinwand und B\u00fchne auf dem Schulhof des St\u00e4dtischen Gymnasiums.\nUmgeben von Wohnbl\u00f6cken und der ehemaligen Synagoge ist die Stimmung auf dem\ngrauen Schulhof wirklich festlich. Das liegt auch daran, dass die Filmemacher\nund Schauspieler ihre Werke hier h\u00e4ufig pers\u00f6nlich pr\u00e4sentieren. Auch die\nEhrenpreise werden hier verliehen. Oliver Stone, John Cleese, Mike Leigh oder Abel Ferrara hielten hier schon\nr\u00fchrige Dankesreden.<\/p>\n\n\n\n<p>Adresse: Gimnazijska Ulica<\/p>\n\n\n\n<p>Das \u201eMeeting Point Cinema\u201c ist Sarajevos Kultkino.\nAngebunden an ein entspanntes Caf\u00e9 auf der S\u00fcdseite des Flusses, findet man\nhier Screenings aus der vielleicht wichtigsten Rubrik des Festivals: \u201eDealing\nWith The Past\u201c vereint Filme, in denen die Wirklichkeit der Bewohner der Balkanl\u00e4nder\ndiskutiert wird. <\/p>\n\n\n\n<p>Adresse: Hamdije Kre\u0161evljakovi\u0107a 13 <\/p>\n\n\n\n<p>Gleich gegen\u00fcber ein weiterer\nHotspot im Innenhof der Feuerwehr. Auf der \u201eSarajevsko Summer Screen\u201c werden sp\u00e4tabends\nFilme und Dokus \u00fcber Musik und Popkultur gezeigt. Diesmal z.B. geht es um PJ\nHarvey, Maradona und den serbischen Musiker Vlada Divljan.<\/p>\n\n\n\n<p>Grandiose Atmosph\u00e4re im Liegestuhl mit Drinks unter\nSarajevos Sternenhimmel. <\/p>\n\n\n\n<p>Tickets gibt\u2019s am Box Office, die Preise liegen\nzwischen 1,50 und 7 Euro. <\/p>\n\n\n\n<p>Main Box Office,\nBosanski Kulturni Centar, Branilaca Sarajevo 24<\/p>\n\n\n\n<p>oder<\/p>\n\n\n\n<p>www.films.sff.bh<\/p>\n\n\n\n<p><strong>Geheimtipps rund\nums Festival <\/strong><\/p>\n\n\n\n<p><strong>Essen und\nTrinken<\/strong><\/p>\n\n\n\n<p>Mitten im Festivalgewimmel,\nbester Italiener der Stadt, bis sp\u00e4t abends beliebter Treff, : <strong>Boccone<\/strong>, Branilaca Sarajeva 51<\/p>\n\n\n\n<p>Im versteckten Restaurant auf\nder ersten Etage der Markthalle gibt es mittags bosnische Hausmannskost zu\nniedrigen Preisen. Mula Mustafe\nBa\u0161eskije 4a<\/p>\n\n\n\n<p><strong>Delikatesna Radnja<\/strong> ist der Stammtreff der Festivalg\u00e4nger am Fluss hinterm Festival\nSquare, Caf\u00e9 und Restaurant mit internationalen Speisen, Obala Kulina bana 10<\/p>\n\n\n\n<p>Den besten Kuchen gibt es im <strong>Hotel Europa<\/strong> (Vladislava Skari\u0107a 5) und bei Ramis mitten in der Altstadt (Sara\u010di 1) <\/p>\n\n\n\n<p>Palatschinken, Kuchen und\nklassisches Fr\u00fchst\u00fcck im <strong>Wiener Caf\u00e9<\/strong>,\n\u0106ur\u010diluk veliki 3<\/p>\n\n\n\n<p>Gute \u010cevapi bei <strong>Zeljo<\/strong> in der Altstadt, Kundurd\u017eiluk<\/p>\n\n\n\n<p>Der beste Burek bei <strong>Bosna<\/strong> in der Altstadt, Bravad\u017eiluk<\/p>\n\n\n\n<p>Late Night Burger und Falafel bei <strong>Pirpa<\/strong>, \u010cobanija 4<\/p>\n\n\n\n<p><br>\nVeganes und Vetarisches bei <strong>Klopa<\/strong> in\nder Fu\u00dfg\u00e4ngerzone, Ferhadija 5<\/p>\n\n\n\n<p><strong>Barhana<\/strong>: Pasta,\nPizza und Bosnisches sowie grandiose Rakija auf gro\u00dfer Terrasse zu moderaten\nPreisen, Djulagina Cikma 8<\/p>\n\n\n\n<p><strong>Dveri<\/strong>: authentische\nbosnische Kost, frische S\u00e4fte, gem\u00fctliches Ambiente, Prote Bakovi\u0107a 12<\/p>\n\n\n\n<p><strong>Karuzo<\/strong>: liebevoll\nzubereitete vegane und vegetarische K\u00fcche, am besten reservieren, D\u017eeneti\u0107a \u010cikma<\/p>\n\n\n\n<p><strong>Zum Ausruhen\noder Arbeiten<\/strong><\/p>\n\n\n\n<p>Sevdah Art House, Caf\u00e9 mit Museum sch\u00f6ner Innenhof,\nabends Konzerte traditioneller bosnischer Musiker, Hala\u010di 5<\/p>\n\n\n\n<p>D\u017eirlo, Teehaus in der\nAltstadt mit sch\u00f6nem Blick, Kova\u010di 6<\/p>\n\n\n\n<p>Franz&amp;Sophie, ruhiger Tea\nShop mit leiser klassischer Musik an der Musikhochschule, Petrakijina 6<\/p>\n\n\n\n<p>Kod Bibana, Terrassencaf\u00e9 mit\nBlick \u00fcber die ganze Stadt, steile Gassen, man braucht Puste oder ein\nTaxi.&nbsp; Ho\u0161in brijeg 95<\/p>\n\n\n\n<p>Caf\u00e9 Tito, schattiges\nPl\u00e4tzchen am Wilson\u2019s Boulevard mit Tito-Thema, Zmaja od Bosne 5<\/p>\n\n\n\n<p>Havana, relaxte Bar in der\nAltstadt, auch tags\u00fcber, Kundurd\u017eiluk 12<\/p>\n\n\n\n<p>Galerija Boris Smoje,\nHipster-Kneipe mit Terrasse und Kunstausstellungen, Radi\u0107eva 11<\/p>\n\n\n\n<p><strong>Zum Pausieren\nund Entdecken <\/strong><\/p>\n\n\n\n<p>Vilsonovo Setaliste: Spazieren oder Joggen entlang der\nAllee am Fluss, Caf\u00e9s, Himbeeren von Stra\u00dfenverk\u00e4ufern<\/p>\n\n\n\n<p>Zuta Tabija: sch\u00f6ner Spaziergang in der Altstadt mit\nStart am Brunnen Sebilj. Spitzenpanorama, guter kava bosanska, Bio-Limonaden\nund Baklava<\/p>\n\n\n\n<p>Wanderung zum Wasserfall Skakavac: im Taxi von\nSarajevo-Zentrum f\u00fcr zehn Euro Richtung Stadion Ko\u0161evo, letzte\nhalbe Stunde laufen bis zum Ausgangspunkt der Wanderung: 2-Stunden Rundweg\ndurch den k\u00fchlen, duftenden Wald<\/p>\n\n\n\n<p>Mit der Seilbahn auf den Berg Trebevi\u0107: schnelle Pause\nin der Natur. Seit Fr\u00fchjahr l\u00e4uft die lang vermisste Seilbahn wieder. Start in Bistrik.\n<\/p>\n\n\n\n<p>Tr\u00f6delmarkt Stup: wilder Markt westlich des Zentrums.\nAlles von Geigen bis alten Badelatschen, Grillbuden und Kaffee; sonntags bis 14\nUhr <\/p>\n\n\n\n<p>Juwelier Sofi\u0107 in der Altstadt:\nDie Br\u00fcder Sofi\u0107 fertigen den Festivalpreis an, das Herz von Sarajevo.\nDie kleine Version als silberner Anh\u00e4nger ist ein g\u00fcnstiges Souvenir. Au\u00dferdem exquisiter\nfiligraner bosnischer Schmuck. Gazi\nHusrev-begova 53<\/p>\n\n\n\n<p>Ilid\u017ea: Radfahren an der Bosna; mit der Stra\u00dfenbahn bis zur\nEndhaltestelle, am Hotel Terme R\u00e4der ausleihen und die Allee bis zur Quelle des\nFlusses Bosna entlangradeln, dort gibt es Caf\u00e9s und Restaurants.<\/p>\n\n\n\n<p>Konjic: h\u00fcbscher Ort mit osmanischer Br\u00fccke \u00fcber\nknallblauem Fluss, zum Baden und Essen, sehenswert: Titos Bunker mit\nKunstinstallationen. Knappe Stunde per Auto oder Zug<\/p>\n\n\n\n<p>Mit dem Zug nach Mostar: Von der Hauptstadt Bosniens\nin die Hauptstadt der Herzegowina. Zwei Stunden an der t\u00fcrkisblauen Neretva\nentlang, \u00fcber den Ivan-Pass, in das fruchtbare Tal der Herzegowina. <\/p>\n\n\n\n<p><strong>\u00dcbernachten\nin Sarajevo: <\/strong><\/p>\n\n\n\n<p>Schick, alteingesessen und zentral: Hotel Europa<\/p>\n\n\n\n<p>Legend\u00e4r: Hotel Holiday <\/p>\n\n\n\n<p>Klein, g\u00fcnstig und modern: Hotel Bistrik <\/p>\n\n\n\n<p>Klein, g\u00fcnstig: Motel Mejtas<\/p>\n\n\n\n<p>G\u00fcnstig, gem\u00fctlich, gro\u00dfes Fr\u00fchst\u00fcck: ADA Hotel<\/p>\n\n\n\n<p>Cooles Hostel: Doctor\u2019s\nHouse<\/p>\n\n\n\n<p>Schickes B&amp;B: Secret\nRooms <\/p>\n\n\n\n<p>Modernes Stadthotel: Hotel Opal <\/p>\n\n\n\n<p>Zentrales Hostel: Franz Ferdinand Hostel <\/p>\n\n\n\n<p><\/p>\n","protected":false},"excerpt":{"rendered":"<p>Das Sarajevo Film Festival ist eins der coolsten Ziele des Sommers auf dem Balkan. Das wichtigste Filmfest der Region wird in diesem Monat zum 25. Mal in der bosnischen Hauptstadt gefeiert. P\u00fcnktlich zum Jubil\u00e4um k\u00f6nnen sich die Kurzfilme seit Neuestem direkt f\u00fcr die Oscars qualifizieren. Damit ist Sarajevo nun in&#8230;<\/p>\n<div class=\"more-link-wrapper\"><a class=\"more-link\" href=\"https:\/\/peopleandspomeniks.com\/?p=24\">Weiterlesen<span class=\"screen-reader-text\">Sarajevo Film Festival             Eine Anleitung zum 25. Jubil\u00e4um<\/span><\/a><\/div>\n","protected":false},"author":1,"featured_media":42,"comment_status":"closed","ping_status":"open","sticky":false,"template":"","format":"standard","meta":{"footnotes":""},"categories":[3,5,1],"tags":[24,15,25,20,27,21,22,13,14,23],"class_list":["post-24","post","type-post","status-publish","format-standard","has-post-thumbnail","hentry","category-balkan","category-film","category-uncategorized","tag-balkan","tag-bosnien","tag-filmfestival-balkan","tag-goran-bregovic","tag-ines-tanovic","tag-meeting-point-sarajevo","tag-raiffeisen-open-air","tag-sarajevo","tag-sarajevo-film-festival","tag-sarajevsko-summer-screen","entry"],"_links":{"self":[{"href":"https:\/\/peopleandspomeniks.com\/index.php?rest_route=\/wp\/v2\/posts\/24"}],"collection":[{"href":"https:\/\/peopleandspomeniks.com\/index.php?rest_route=\/wp\/v2\/posts"}],"about":[{"href":"https:\/\/peopleandspomeniks.com\/index.php?rest_route=\/wp\/v2\/types\/post"}],"author":[{"embeddable":true,"href":"https:\/\/peopleandspomeniks.com\/index.php?rest_route=\/wp\/v2\/users\/1"}],"replies":[{"embeddable":true,"href":"https:\/\/peopleandspomeniks.com\/index.php?rest_route=%2Fwp%2Fv2%2Fcomments&post=24"}],"version-history":[{"count":5,"href":"https:\/\/peopleandspomeniks.com\/index.php?rest_route=\/wp\/v2\/posts\/24\/revisions"}],"predecessor-version":[{"id":72,"href":"https:\/\/peopleandspomeniks.com\/index.php?rest_route=\/wp\/v2\/posts\/24\/revisions\/72"}],"wp:featuredmedia":[{"embeddable":true,"href":"https:\/\/peopleandspomeniks.com\/index.php?rest_route=\/wp\/v2\/media\/42"}],"wp:attachment":[{"href":"https:\/\/peopleandspomeniks.com\/index.php?rest_route=%2Fwp%2Fv2%2Fmedia&parent=24"}],"wp:term":[{"taxonomy":"category","embeddable":true,"href":"https:\/\/peopleandspomeniks.com\/index.php?rest_route=%2Fwp%2Fv2%2Fcategories&post=24"},{"taxonomy":"post_tag","embeddable":true,"href":"https:\/\/peopleandspomeniks.com\/index.php?rest_route=%2Fwp%2Fv2%2Ftags&post=24"}],"curies":[{"name":"wp","href":"https:\/\/api.w.org\/{rel}","templated":true}]}}