{"id":245,"date":"2020-03-24T16:56:55","date_gmt":"2020-03-24T16:56:55","guid":{"rendered":"http:\/\/peopleandspomeniks.com\/?p=245"},"modified":"2024-08-05T08:10:14","modified_gmt":"2024-08-05T08:10:14","slug":"das-kleine-monument-fuer-die-fliegerstaffel-der-partisanen-von-medeno-polje","status":"publish","type":"post","link":"https:\/\/peopleandspomeniks.com\/?p=245","title":{"rendered":"Das kleine Monument f\u00fcr die  Partisanen von Medeno Polje"},"content":{"rendered":"\n<figure class=\"wp-block-image\"><img loading=\"lazy\" decoding=\"async\" width=\"1024\" height=\"768\" src=\"http:\/\/peopleandspomeniks.com\/wp-content\/uploads\/2019\/07\/IMG_6464-1024x768.jpg\" alt=\"\" class=\"wp-image-84\" srcset=\"https:\/\/peopleandspomeniks.com\/wp-content\/uploads\/2019\/07\/IMG_6464-1024x768.jpg 1024w, https:\/\/peopleandspomeniks.com\/wp-content\/uploads\/2019\/07\/IMG_6464-300x225.jpg 300w, https:\/\/peopleandspomeniks.com\/wp-content\/uploads\/2019\/07\/IMG_6464-768x576.jpg 768w\" sizes=\"(max-width: 1024px) 100vw, 1024px\" \/><figcaption>Medeno Polje, Bosnien und Herzegowina, ca. 1982 erbaut, Designer unbekannt. Foto: Kristina Koch <\/figcaption><\/figure>\n\n\n\n<p>Dieser zierliche Spomenik erscheint unangek\u00fcndigt auf der Landstra\u00dfe M5 im Nordwesten von Bosnien-Herzegowina. Er steht etwa 50 Meter von der Stra\u00dfe entfernt, auf einer leichten Anh\u00f6he. Er f\u00fcgt sich einerseits mit seiner harmonischen, organischen Form und andererseits durch sein von Gestr\u00fcpp \u00fcberwuchertes Umfeld\u00a0so gut in die Landschaft, dass man ihn schlichtweg \u00fcbersieht. Gegen\u00fcber liegt das Tal Medeno Polje, das Tal des Honigs. Hier hatten die Partisanen damals einen geheimen Flugplatz errichtet. <\/p>\n\n\n\n<p>Das acht Meter hohe Monument aus Stahlbeton war einst der Haus-Spomenik der Bewohner des Ortes Bosanski Petrovac, der nur wenige Kilometer entfernt liegt. Es erinnert an den Flugplatz und den Aufstand gegen die deutsche Besetzung. Ein besonders h\u00fcbsches Exemplar, ohne Kriegsvokabular. Daten und Infos zum Erbauer habe ich nicht gefunden. <\/p>\n\n\n\n<figure class=\"wp-block-image\"><img loading=\"lazy\" decoding=\"async\" width=\"768\" height=\"1024\" src=\"http:\/\/peopleandspomeniks.com\/wp-content\/uploads\/2020\/03\/IMG_6465-768x1024.jpg\" alt=\"\" class=\"wp-image-220\" srcset=\"https:\/\/peopleandspomeniks.com\/wp-content\/uploads\/2020\/03\/IMG_6465-768x1024.jpg 768w, https:\/\/peopleandspomeniks.com\/wp-content\/uploads\/2020\/03\/IMG_6465-225x300.jpg 225w\" sizes=\"(max-width: 768px) 100vw, 768px\" \/><\/figure>\n\n\n\n<p>Als die Alliierten nach Italien kamen, hatten die Partisanen in Nordwestbosnien endlich eine Chance, sich gegen die Angriffe der Luftwaffe zu wehren. Bari wurde zur Versorgungsverbindung. Anfang 1944 errichteten die Partisanen hier einen Flugplatz, von dem Tito seine Operation aus seinem 30 km entfernten Sitz in Dar koordinierte. <\/p>\n\n\n\n<p>Nur wenige Kampfmissionen starteten von hier, haupts\u00e4chlich wurden Kranke und Verwundete evakuiert. Mehr als 2000 verwundete Soldaten und Zivilisten konnten nach Italien ausgeflogen werden. \u00dcber diese Verbindung konnte auch humanit\u00e4re und milit\u00e4rische Hilfe aus Bari nach Bosnien gelangen. <\/p>\n\n\n\n<figure class=\"wp-block-image\"><img loading=\"lazy\" decoding=\"async\" width=\"768\" height=\"1024\" src=\"http:\/\/peopleandspomeniks.com\/wp-content\/uploads\/2020\/03\/IMG_6470-768x1024.jpg\" alt=\"\" class=\"wp-image-219\" srcset=\"https:\/\/peopleandspomeniks.com\/wp-content\/uploads\/2020\/03\/IMG_6470-768x1024.jpg 768w, https:\/\/peopleandspomeniks.com\/wp-content\/uploads\/2020\/03\/IMG_6470-225x300.jpg 225w\" sizes=\"(max-width: 768px) 100vw, 768px\" \/><\/figure>\n\n\n\n<p>Was man heute nicht mehr sieht: 1982 wurde ein gro\u00dfer Denkmalkomplex auf beiden Seiten der Landstra\u00dfe errichtet. Man konnte zum Beispiel einen ausgedienten Douglas C-47-Flieger besichtigen. <\/p>\n\n\n\n<p>Jedes Jahr am 27. Juli feierte man es auf Medeno Polje ein gro\u00dfes Volksfest mit Reden und Party. Die Bauern aus der Region verkauften ihre Waren, es gab Bierzelte, Tito-Verehrung und so weiter. Manchmal sollen auf Medeno Polje im Schatten des Spomeniks auch Pferderennen stattgefunden haben.\u00a0 <\/p>\n\n\n\n<figure class=\"wp-block-image\"><img loading=\"lazy\" decoding=\"async\" width=\"1024\" height=\"768\" src=\"http:\/\/peopleandspomeniks.com\/wp-content\/uploads\/2019\/10\/IMG_1805-1024x768.jpg\" alt=\"\" class=\"wp-image-137\" srcset=\"https:\/\/peopleandspomeniks.com\/wp-content\/uploads\/2019\/10\/IMG_1805-1024x768.jpg 1024w, https:\/\/peopleandspomeniks.com\/wp-content\/uploads\/2019\/10\/IMG_1805-300x225.jpg 300w, https:\/\/peopleandspomeniks.com\/wp-content\/uploads\/2019\/10\/IMG_1805-768x576.jpg 768w\" sizes=\"(max-width: 1024px) 100vw, 1024px\" \/><figcaption>Foto: Kristina Koch <\/figcaption><\/figure>\n\n\n\n<p>Nach dem Krieg in den Neunziger Jahren wurde der Flieger in die Luft gejagt, die Metallreste verscherbelt. Heute gibt es keine Spuren des Flugzeugdenkmals, nur der Komplex mit der Skulptur sichtbar. Die Tafeln und Inschriften wurden geklaut oder zerst\u00f6rt. Die Basis des Spomeniks ist kaputt, der Zement bricht an vielen Stellen. Immerhin kein Nazigekritzel. Dieser sch\u00f6ne Spomenik ist heute weder ein Partisanen-Pilgerort noch hat er Paten, die ihn rehabilitieren wollen. <\/p>\n\n\n\n<figure class=\"wp-block-image\"><img loading=\"lazy\" decoding=\"async\" width=\"1024\" height=\"768\" src=\"http:\/\/peopleandspomeniks.com\/wp-content\/uploads\/2019\/10\/IMG_1797-1024x768.jpg\" alt=\"\" class=\"wp-image-138\" srcset=\"https:\/\/peopleandspomeniks.com\/wp-content\/uploads\/2019\/10\/IMG_1797-1024x768.jpg 1024w, https:\/\/peopleandspomeniks.com\/wp-content\/uploads\/2019\/10\/IMG_1797-300x225.jpg 300w, https:\/\/peopleandspomeniks.com\/wp-content\/uploads\/2019\/10\/IMG_1797-768x576.jpg 768w\" sizes=\"(max-width: 1024px) 100vw, 1024px\" \/><figcaption>Foto: Kristina Koch <\/figcaption><\/figure>\n\n\n\n<p>(Danke an Edis F. f\u00fcr die zus\u00e4tzlichen Informationen.) <\/p>\n","protected":false},"excerpt":{"rendered":"<p>Dieser zierliche Spomenik erscheint unangek\u00fcndigt auf der Landstra\u00dfe M5 im Nordwesten von Bosnien-Herzegowina. Er steht etwa 50 Meter von der Stra\u00dfe entfernt, auf einer leichten Anh\u00f6he. Er f\u00fcgt sich einerseits mit seiner harmonischen, organischen Form und andererseits durch sein von Gestr\u00fcpp \u00fcberwuchertes Umfeld\u00a0so gut in die Landschaft, dass man ihn&#8230;<\/p>\n<div class=\"more-link-wrapper\"><a class=\"more-link\" href=\"https:\/\/peopleandspomeniks.com\/?p=245\">Weiterlesen<span class=\"screen-reader-text\">Das kleine Monument f\u00fcr die  Partisanen von Medeno Polje<\/span><\/a><\/div>\n","protected":false},"author":1,"featured_media":219,"comment_status":"closed","ping_status":"open","sticky":false,"template":"","format":"standard","meta":{"footnotes":""},"categories":[3,63],"tags":[],"class_list":["post-245","post","type-post","status-publish","format-standard","has-post-thumbnail","hentry","category-balkan","category-spomeniks-partisanendenkmaeler","entry"],"_links":{"self":[{"href":"https:\/\/peopleandspomeniks.com\/index.php?rest_route=\/wp\/v2\/posts\/245"}],"collection":[{"href":"https:\/\/peopleandspomeniks.com\/index.php?rest_route=\/wp\/v2\/posts"}],"about":[{"href":"https:\/\/peopleandspomeniks.com\/index.php?rest_route=\/wp\/v2\/types\/post"}],"author":[{"embeddable":true,"href":"https:\/\/peopleandspomeniks.com\/index.php?rest_route=\/wp\/v2\/users\/1"}],"replies":[{"embeddable":true,"href":"https:\/\/peopleandspomeniks.com\/index.php?rest_route=%2Fwp%2Fv2%2Fcomments&post=245"}],"version-history":[{"count":3,"href":"https:\/\/peopleandspomeniks.com\/index.php?rest_route=\/wp\/v2\/posts\/245\/revisions"}],"predecessor-version":[{"id":416,"href":"https:\/\/peopleandspomeniks.com\/index.php?rest_route=\/wp\/v2\/posts\/245\/revisions\/416"}],"wp:featuredmedia":[{"embeddable":true,"href":"https:\/\/peopleandspomeniks.com\/index.php?rest_route=\/wp\/v2\/media\/219"}],"wp:attachment":[{"href":"https:\/\/peopleandspomeniks.com\/index.php?rest_route=%2Fwp%2Fv2%2Fmedia&parent=245"}],"wp:term":[{"taxonomy":"category","embeddable":true,"href":"https:\/\/peopleandspomeniks.com\/index.php?rest_route=%2Fwp%2Fv2%2Fcategories&post=245"},{"taxonomy":"post_tag","embeddable":true,"href":"https:\/\/peopleandspomeniks.com\/index.php?rest_route=%2Fwp%2Fv2%2Ftags&post=245"}],"curies":[{"name":"wp","href":"https:\/\/api.w.org\/{rel}","templated":true}]}}